{"id":21653,"date":"2025-06-27T07:48:19","date_gmt":"2025-06-27T10:48:19","guid":{"rendered":"https:\/\/cisb.org.br\/?post_type=article&#038;p=21653"},"modified":"2025-06-27T08:04:22","modified_gmt":"2025-06-27T11:04:22","slug":"aniversario-de-10-anos-do-programa-de-catedras-em-aeronautica-no-brasil","status":"publish","type":"article","link":"https:\/\/cisb.org.br\/pt-br\/artigos\/aniversario-de-10-anos-do-programa-de-catedras-em-aeronautica-no-brasil\/","title":{"rendered":"Anivers\u00e1rio de 10 anos do Programa de C\u00e1tedras em Aeron\u00e1utica no Brasil"},"content":{"rendered":"<div class=\"wp-block-image\">\r\n<figure class=\"alignleft size-large is-resized\"><img decoding=\"async\" class=\"wp-image-20694\" style=\"width: 423px; height: auto;\" src=\"https:\/\/cisb.org.br\/wp-content\/uploads\/2025\/06\/10anos-CISB-SwedishProfessorAeronautics-new-6.jpg\" alt=\"\" \/><\/figure>\r\n<\/div>\r\n<p>Em abril de 2025, o Programa de C\u00e1tedras em Aeron\u00e1utica no Brasil, inaugurada em 2015, celebrou seu 10\u00ba anivers\u00e1rio. Desde ent\u00e3o, tem viabilizado a vinda regular de quatro professores de destaque e com perfil empreendedor, oriundos de renomadas universidades da Su\u00e9cia: Petter Krus, da Link\u00f6ping University; Ragnar Larsson e Tomas Gr\u00f6nstedt, da Chalmers University of Technology; e Dan Henningson, do Royal Institute of Technology (KTH). Inicialmente, o programa teve o ITA como contraparte e ponto focal.<\/p>\r\n<p>O Professor Ragnar Larsson afirma que sua principal expectativa ao assumir a C\u00e1tedra, no \u00e2mbito do Programa de Professores Suecos em Aeron\u00e1utica, era \u201cdesenvolver pesquisas relacionadas \u00e0 mec\u00e2nica de materiais comp\u00f3sitos\u201d, objetivo que, segundo ele, foi alcan\u00e7ado. Ele compartilha tamb\u00e9m que queria conhecer um pouco da cultura brasileira e ampliar sua rede de contatos com o ITA e a UFABC. O Professor Tomas Gr\u00f6nstedt, por sua vez, afirma que j\u00e1 conhecia a forte tradi\u00e7\u00e3o aeroespacial do Brasil e viu nisso uma oportunidade de \u201cfazer as coisas acontecerem\u201d.<\/p>\r\n<p>Quando questionado sobre os principais resultados desde que assumiu a C\u00e1tedra, Tomas Gr\u00f6nstedt mencionou a amplia\u00e7\u00e3o da capacidade, habilidade e conhecimento de um grande n\u00famero de pessoas. \u201cHoje temos engenheiros brasileiros trabalhando na ind\u00fastria aeroespacial sueca, e brasileiros que passaram anos na Su\u00e9cia agora atuam na comunidade aeroespacial brasileira\u201d, afirma.<\/p>\r\n<p>O Professor Petter Krus tamb\u00e9m considera esse um excelente resultado: \u201cA C\u00e1tedra contribuiu significativamente para a expans\u00e3o e consolida\u00e7\u00e3o das colabora\u00e7\u00f5es em pesquisa, especialmente para o meu grupo na Link\u00f6ping University\u201d. Ele destaca, como resultado tang\u00edvel, as in\u00fameras participa\u00e7\u00f5es em workshops e confer\u00eancias, como sua coorganiza\u00e7\u00e3o no Workshop on Innovative Engineering for Fluid Power (WIEFP) desde 2012, em colabora\u00e7\u00e3o com o Professor Victor De Negri.<\/p>\r\n<p>\u201cDesde o in\u00edcio da minha atua\u00e7\u00e3o como professor visitante, um total de 10 Pesquisadores Principais (PIs) seniores do Brasil e da Su\u00e9cia estiveram envolvidos, juntamente com 20 estudantes de p\u00f3s-doutorado e p\u00f3s-gradua\u00e7\u00e3o\u201d, afirma Professor Dan Henningson. Ele relata alguns efeitos colaterais positivos dessa colabora\u00e7\u00e3o, como o Workshop sobre Intelig\u00eancia Artificial em Ci\u00eancias da Vida, realizado na USP em 2023 em conjunto com o Karolinska Institutet (KI); uma confer\u00eancia internacional realizada em Paraty, em 2018, focada em aerodin\u00e2mica e transi\u00e7\u00e3o para o regime turbulento, al\u00e9m da intensifica\u00e7\u00e3o da colabora\u00e7\u00e3o com pesquisadores da TU Berlin, da Universidade de Poitiers e da DTU (Universidade T\u00e9cnica da Dinamarca). Como resultado de sua participa\u00e7\u00e3o, Ragnar Larsson destaca a oportunidade de receber um bolsista do CISB (o mestrando Matheus Mendes) por um ano na Divis\u00e3o de Materiais e Mec\u00e2nica Computacional da Chalmers. \u201cEstamos agora dando continuidade ao trabalho com v\u00e1rias novas ideias relacionadas \u00e0 modelagem e experimentos com nanocomp\u00f3sitos polim\u00e9ricos\u201d, completa.<\/p>\r\n<p>Para os pr\u00f3ximos tr\u00eas anos, Tomas espera haver uma grande colabora\u00e7\u00e3o com o novo pesquisador de p\u00f3s-doutorado do ITA, Daniel da Silva Tonon, e com Emil Ellenius, rec\u00e9m-lan\u00e7ado doutorando, no programa NFFP. As expectativas de Petter Krus, da mesma forma, s\u00e3o de aprofundar e diversificar as colabora\u00e7\u00f5es no Brasil, com interesse particular na aplica\u00e7\u00e3o de intelig\u00eancia artificial no projeto de engenharia. \u00a0<\/p>","protected":false},"featured_media":21652,"template":"","article_category":[238],"class_list":["post-21653","article","type-article","status-publish","has-post-thumbnail","hentry","article_category-outras"],"_links":{"self":[{"href":"https:\/\/cisb.org.br\/pt-br\/wp-json\/wp\/v2\/article\/21653","targetHints":{"allow":["GET"]}}],"collection":[{"href":"https:\/\/cisb.org.br\/pt-br\/wp-json\/wp\/v2\/article"}],"about":[{"href":"https:\/\/cisb.org.br\/pt-br\/wp-json\/wp\/v2\/types\/article"}],"wp:featuredmedia":[{"embeddable":true,"href":"https:\/\/cisb.org.br\/pt-br\/wp-json\/wp\/v2\/media\/21652"}],"wp:attachment":[{"href":"https:\/\/cisb.org.br\/pt-br\/wp-json\/wp\/v2\/media?parent=21653"}],"wp:term":[{"taxonomy":"article_category","embeddable":true,"href":"https:\/\/cisb.org.br\/pt-br\/wp-json\/wp\/v2\/article_category?post=21653"}],"curies":[{"name":"wp","href":"https:\/\/api.w.org\/{rel}","templated":true}]}}